{"id":4454,"date":"2021-12-02T13:09:43","date_gmt":"2021-12-02T13:09:43","guid":{"rendered":"http:\/\/licnirazvoj.rs\/?p=4454"},"modified":"2022-04-15T11:53:07","modified_gmt":"2022-04-15T11:53:07","slug":"pravo-vreme-sta-znaci-pravo-vreme-u-vaspitanjupravo-vreme-za-intelektualne-sadrzajepravo-vreme-za-socijalizacijudetevaspianjeroditelj","status":"publish","type":"post","link":"https:\/\/licnirazvoj.rs\/ro\/pravo-vreme-sta-znaci-pravo-vreme-u-vaspitanjupravo-vreme-za-intelektualne-sadrzajepravo-vreme-za-socijalizacijudetevaspianjeroditelj\/","title":{"rendered":"Kad je pravo vreme da dete&#8230;."},"content":{"rendered":"<p>&nbsp;<\/p>\n<p>Za ve\u0107inu stvari u \u017eivotu postoji pravo vreme. <strong>Nije sve jedno kada \u0107e u \u017eivotu na\u0161eg deteta neke stvari do\u0107i na red!<\/strong><\/p>\n<p><strong>\u00a0<\/strong><\/p>\n<p><strong>U prvim godinama \u017eivota formira se<a href=\"http:\/\/licnirazvoj.rs\/wp-admin\/post.php?post=4391&amp;action=edit\"> emotivna stabilnost osobe<\/a>!<\/strong> Ako tada ne budemo uz dete, ako ga ne privijemo uz sebe, ma koliko ga kasnije voleli, to \u0107e ostaviti trajnu posledicu i od njega napraviti emotivno gladnog \u010doveka!<\/p>\n<p>&nbsp;<\/p>\n<p><strong>Ako dozvolimo da nam dete prvih par godina \u017eivota bude pasivno, zagledano u ekran, to \u0107e zauvek odrediti broj njegovih sinapsi!<\/strong><\/p>\n<p>Ako dozvolimo da va\u0161a deca ne rade rukama, njihov intelektualni potencijal <strong>nikada<\/strong> ne\u0107e biti razvijen u potpunosti! Prve godine \u017eivota formiraju dominantno broj sinapsi u mozgu,tada je pravo vreme.Kasnije mo\u017eete i\u0107i na beskrajno mnogo radionica,\u00a0 potencijal va\u0161eg deteta bi\u0107e manje vi\u0161e definisan.\u00a0 Inteligencija je gotovo trajna karakteristika \u010doveka. Kasniji napredak ili gubitak inteligencije, mogu\u0107 je samo u nijansama.<\/p>\n<p><strong>Gre\u0161ke koje su napravljene zbog toga \u0161to je malom detetu dat telefon u ruke\u00a0 su nenadoknadive!<\/strong><\/p>\n<p>&nbsp;<\/p>\n<p><strong>Ako deci u \u0161koli u pravo vreme ne ponudimo sadr\u017eaje u koje je potrebno dublje intelektualno zaroniti, na\u0161a deca zauvek \u0107e imati potrebu da ostanu na povr\u0161ini tj. posta\u0107e intelektualno lenje ili intelektualno inertne osobe! <\/strong>Ovo se veoma te\u0161ko i veoma retko prevazilazi. Ljudski mozak atrofira, kao i mi\u0161i\u0107i i ima tendenciju da o\u010duva nivo aktivnosti na koji je naviknut.<\/p>\n<p><strong>\u00a0<\/strong><\/p>\n<p><strong>I kada je re\u010d o socijalizaciji, stvari su identi\u010dne. Sve treba odraditi u pravo vreme!<\/strong><\/p>\n<p>&nbsp;<\/p>\n<p><strong>Ako malu decu ne nau\u010dimo da po\u0161tuju potrebe brata i sestre, bake i dede, dok su u na\u0161oj ku\u0107i, nakon \u0161to period detinjstva pro\u0111e, zauvek se gubi prilika da od njih napravimo empate<\/strong>, tj. ljude kojima su tu\u0111a ose\u0107anja va\u017ena. Oni to sami od sebe u odraslom dobu ne mogu na\u010diniti. Ustvari, <strong>nije toliko stvar u tome \u0161to ne\u0107e mo\u0107i, ve\u0107 ne\u0107e \u017eeleti. Njima ne\u0107e biti jasno za\u0161to bi se neko ,,optere\u0107ivao drugima\u201c.<\/strong><\/p>\n<p>&nbsp;<\/p>\n<p><strong>Ako ih u detinjstvu ne nau\u010dimo da se povinuju, zauvek \u0107e ego vladati njihovim \u017eivotom. Igra mo\u0107i obele\u017ei\u0107e sve njihove me\u0111uljudske odnose, a gordost \u00a0zauvek udaljiti od velikih \u017eivotnih radosti.<\/strong><\/p>\n<p>&nbsp;<\/p>\n<p>Ako im u prvih 10 godina \u017eivota uskratimo vreme za igru, ubi\u0107emo nepovratno njihovu kreativnost!<\/p>\n<p>&nbsp;<\/p>\n<p><img loading=\"lazy\" decoding=\"async\" class=\"size-medium wp-image-4713 aligncenter\" src=\"http:\/\/licnirazvoj.rs\/wp-content\/uploads\/2021\/12\/pravo-vreme-da-dete-300x200.jpeg\" alt=\"pravo vreme\" width=\"300\" height=\"200\" srcset=\"https:\/\/licnirazvoj.rs\/wp-content\/uploads\/2021\/12\/pravo-vreme-da-dete-300x200.jpeg 300w, https:\/\/licnirazvoj.rs\/wp-content\/uploads\/2021\/12\/pravo-vreme-da-dete-1024x684.jpeg 1024w, https:\/\/licnirazvoj.rs\/wp-content\/uploads\/2021\/12\/pravo-vreme-da-dete-768x513.jpeg 768w, https:\/\/licnirazvoj.rs\/wp-content\/uploads\/2021\/12\/pravo-vreme-da-dete.jpeg 1038w\" sizes=\"auto, (max-width: 300px) 100vw, 300px\" \/><\/p>\n<p>Ako svoju mladost ,,ne izduvaju\u201c <strong>i u periodu od 13 do 19 ne steknu prve simpatije, ne ostvare prvu komunikaciju sa suprotnim polom , postoji mogu\u0107nost da trajno ostanu usamljeni.<\/strong><\/p>\n<p>&nbsp;<\/p>\n<p><strong>Ako budemo u\u010dili decu da se \u017eivotni partneri tra\u017ee nakon tridesete, zadesi\u0107e ih sasvim sigurno veoma slaba ponuda! I nema nazad, gotovo, pro\u0161lo! Svi kvalitetni partneri ve\u0107 \u0107e biti zauzeti.<\/strong><\/p>\n<p>&nbsp;<\/p>\n<p>Ako im budemo poru\u010divali da za decu ima vremena, i da je va\u017eno da prvo razviju karijeru i proputuju, pa tek onda dobiju porod, kad budu spremni, ogromne su im \u0161anse da \u0107e morati na ve\u0161ta\u010dku oplodnju.<\/p>\n<p>&nbsp;<\/p>\n<p>Ako smatramo da na\u0161a deca treba da otpo\u010dnu sa radom i odgovorno\u0161\u0107u onog dana kada odu iz na\u0161ih ku\u0107a, mo\u017eemo biti gotovo sigurni da \u0107e to biti nikada!<\/p>\n<p>&nbsp;<\/p>\n<p>Biljana Grbovi\u0107<\/p>\n<p>Radujem se kad poma\u017eem!<\/p>\n","protected":false},"excerpt":{"rendered":"<p>&nbsp; Za ve\u0107inu stvari u \u017eivotu postoji pravo vreme. Nije sve jedno kada \u0107e u&#8230;<\/p>\n","protected":false},"author":2,"featured_media":4455,"comment_status":"open","ping_status":"open","sticky":false,"template":"","format":"standard","meta":{"_monsterinsights_skip_tracking":false,"_monsterinsights_sitenote_active":false,"_monsterinsights_sitenote_note":"","_monsterinsights_sitenote_category":0,"footnotes":""},"categories":[1],"tags":[],"class_list":["post-4454","post","type-post","status-publish","format-standard","has-post-thumbnail","hentry","category-licni-razvoj-odraslih"],"yoast_head":"<!-- This site is optimized with the Yoast SEO plugin v23.3 - https:\/\/yoast.com\/wordpress\/plugins\/seo\/ -->\n<title>Kad je pravo vreme da dete.... - Li\u010dni Razvoj - Biljana Grbovi\u0107<\/title>\n<meta name=\"description\" content=\"kad je pravo vreme da dete nesto nauci,kad je pravo vreme da se dete socijalizuje,pravo vreme za odgovornost,pravo vreme za krativnost\" \/>\n<meta name=\"robots\" content=\"index, follow, max-snippet:-1, max-image-preview:large, max-video-preview:-1\" \/>\n<link rel=\"canonical\" href=\"https:\/\/licnirazvoj.rs\/ro\/pravo-vreme-sta-znaci-pravo-vreme-u-vaspitanjupravo-vreme-za-intelektualne-sadrzajepravo-vreme-za-socijalizacijudetevaspianjeroditelj\/\" \/>\n<meta property=\"og:locale\" content=\"ro_RO\" \/>\n<meta property=\"og:locale:alternate\" content=\"sr_RS\" \/>\n<meta property=\"og:type\" content=\"article\" \/>\n<meta property=\"og:title\" content=\"Kad je pravo vreme da dete.... - Li\u010dni Razvoj - Biljana Grbovi\u0107\" \/>\n<meta property=\"og:description\" content=\"kad je pravo vreme da dete nesto nauci,kad je pravo vreme da se dete socijalizuje,pravo vreme za odgovornost,pravo vreme za krativnost\" \/>\n<meta property=\"og:url\" content=\"https:\/\/licnirazvoj.rs\/ro\/pravo-vreme-sta-znaci-pravo-vreme-u-vaspitanjupravo-vreme-za-intelektualne-sadrzajepravo-vreme-za-socijalizacijudetevaspianjeroditelj\/\" \/>\n<meta property=\"og:site_name\" content=\"Li\u010dni Razvoj - Biljana Grbovi\u0107\" \/>\n<meta property=\"article:publisher\" content=\"https:\/\/www.facebook.com\/maticaudruzenjeroditelja\" \/>\n<meta property=\"article:author\" content=\"https:\/\/www.facebook.com\/maticaudruzenjeroditelja\" \/>\n<meta property=\"article:published_time\" content=\"2021-12-02T13:09:43+00:00\" \/>\n<meta property=\"article:modified_time\" content=\"2022-04-15T11:53:07+00:00\" \/>\n<meta property=\"og:image\" content=\"https:\/\/licnirazvoj.rs\/wp-content\/uploads\/2021\/12\/\u043f\u0440\u0435\u0443\u0437\u0438\u043c\u0430\u045a\u0435.jpg\" \/>\n\t<meta property=\"og:image:width\" content=\"275\" \/>\n\t<meta property=\"og:image:height\" content=\"183\" \/>\n\t<meta property=\"og:image:type\" content=\"image\/jpeg\" \/>\n<meta name=\"author\" content=\"Biljana Grbovi\u0107\" \/>\n<meta name=\"twitter:card\" content=\"summary_large_image\" \/>\n<meta name=\"twitter:label1\" content=\"Scris de\" \/>\n\t<meta name=\"twitter:data1\" content=\"Biljana Grbovi\u0107\" \/>\n\t<meta name=\"twitter:label2\" content=\"Timp estimat pentru citire\" \/>\n\t<meta name=\"twitter:data2\" content=\"3 minute\" \/>\n<script type=\"application\/ld+json\" class=\"yoast-schema-graph\">{\"@context\":\"https:\/\/schema.org\",\"@graph\":[{\"@type\":\"Article\",\"@id\":\"https:\/\/licnirazvoj.rs\/pravo-vreme-sta-znaci-pravo-vreme-u-vaspitanjupravo-vreme-za-intelektualne-sadrzajepravo-vreme-za-socijalizacijudetevaspianjeroditelj\/#article\",\"isPartOf\":{\"@id\":\"https:\/\/licnirazvoj.rs\/pravo-vreme-sta-znaci-pravo-vreme-u-vaspitanjupravo-vreme-za-intelektualne-sadrzajepravo-vreme-za-socijalizacijudetevaspianjeroditelj\/\"},\"author\":{\"name\":\"Biljana Grbovi\u0107\",\"@id\":\"https:\/\/licnirazvoj.rs\/#\/schema\/person\/0773d084b790a9bb295bbf04f2e2fc9b\"},\"headline\":\"Kad je pravo vreme da dete&#8230;.\",\"datePublished\":\"2021-12-02T13:09:43+00:00\",\"dateModified\":\"2022-04-15T11:53:07+00:00\",\"mainEntityOfPage\":{\"@id\":\"https:\/\/licnirazvoj.rs\/pravo-vreme-sta-znaci-pravo-vreme-u-vaspitanjupravo-vreme-za-intelektualne-sadrzajepravo-vreme-za-socijalizacijudetevaspianjeroditelj\/\"},\"wordCount\":551,\"commentCount\":0,\"publisher\":{\"@id\":\"https:\/\/licnirazvoj.rs\/#\/schema\/person\/0773d084b790a9bb295bbf04f2e2fc9b\"},\"image\":{\"@id\":\"https:\/\/licnirazvoj.rs\/pravo-vreme-sta-znaci-pravo-vreme-u-vaspitanjupravo-vreme-za-intelektualne-sadrzajepravo-vreme-za-socijalizacijudetevaspianjeroditelj\/#primaryimage\"},\"thumbnailUrl\":\"https:\/\/licnirazvoj.rs\/wp-content\/uploads\/2021\/12\/\u043f\u0440\u0435\u0443\u0437\u0438\u043c\u0430\u045a\u0435.jpg\",\"articleSection\":[\"Li\u010dni razvoj odraslih\"],\"inLanguage\":\"ro-RO\",\"potentialAction\":[{\"@type\":\"CommentAction\",\"name\":\"Comment\",\"target\":[\"https:\/\/licnirazvoj.rs\/pravo-vreme-sta-znaci-pravo-vreme-u-vaspitanjupravo-vreme-za-intelektualne-sadrzajepravo-vreme-za-socijalizacijudetevaspianjeroditelj\/#respond\"]}]},{\"@type\":\"WebPage\",\"@id\":\"https:\/\/licnirazvoj.rs\/pravo-vreme-sta-znaci-pravo-vreme-u-vaspitanjupravo-vreme-za-intelektualne-sadrzajepravo-vreme-za-socijalizacijudetevaspianjeroditelj\/\",\"url\":\"https:\/\/licnirazvoj.rs\/pravo-vreme-sta-znaci-pravo-vreme-u-vaspitanjupravo-vreme-za-intelektualne-sadrzajepravo-vreme-za-socijalizacijudetevaspianjeroditelj\/\",\"name\":\"Kad je pravo vreme da dete.... - Li\u010dni Razvoj - Biljana Grbovi\u0107\",\"isPartOf\":{\"@id\":\"https:\/\/licnirazvoj.rs\/#website\"},\"primaryImageOfPage\":{\"@id\":\"https:\/\/licnirazvoj.rs\/pravo-vreme-sta-znaci-pravo-vreme-u-vaspitanjupravo-vreme-za-intelektualne-sadrzajepravo-vreme-za-socijalizacijudetevaspianjeroditelj\/#primaryimage\"},\"image\":{\"@id\":\"https:\/\/licnirazvoj.rs\/pravo-vreme-sta-znaci-pravo-vreme-u-vaspitanjupravo-vreme-za-intelektualne-sadrzajepravo-vreme-za-socijalizacijudetevaspianjeroditelj\/#primaryimage\"},\"thumbnailUrl\":\"https:\/\/licnirazvoj.rs\/wp-content\/uploads\/2021\/12\/\u043f\u0440\u0435\u0443\u0437\u0438\u043c\u0430\u045a\u0435.jpg\",\"datePublished\":\"2021-12-02T13:09:43+00:00\",\"dateModified\":\"2022-04-15T11:53:07+00:00\",\"description\":\"kad je pravo vreme da dete nesto nauci,kad je pravo vreme da se dete socijalizuje,pravo vreme za odgovornost,pravo vreme za krativnost\",\"breadcrumb\":{\"@id\":\"https:\/\/licnirazvoj.rs\/pravo-vreme-sta-znaci-pravo-vreme-u-vaspitanjupravo-vreme-za-intelektualne-sadrzajepravo-vreme-za-socijalizacijudetevaspianjeroditelj\/#breadcrumb\"},\"inLanguage\":\"ro-RO\",\"potentialAction\":[{\"@type\":\"ReadAction\",\"target\":[\"https:\/\/licnirazvoj.rs\/pravo-vreme-sta-znaci-pravo-vreme-u-vaspitanjupravo-vreme-za-intelektualne-sadrzajepravo-vreme-za-socijalizacijudetevaspianjeroditelj\/\"]}]},{\"@type\":\"ImageObject\",\"inLanguage\":\"ro-RO\",\"@id\":\"https:\/\/licnirazvoj.rs\/pravo-vreme-sta-znaci-pravo-vreme-u-vaspitanjupravo-vreme-za-intelektualne-sadrzajepravo-vreme-za-socijalizacijudetevaspianjeroditelj\/#primaryimage\",\"url\":\"https:\/\/licnirazvoj.rs\/wp-content\/uploads\/2021\/12\/\u043f\u0440\u0435\u0443\u0437\u0438\u043c\u0430\u045a\u0435.jpg\",\"contentUrl\":\"https:\/\/licnirazvoj.rs\/wp-content\/uploads\/2021\/12\/\u043f\u0440\u0435\u0443\u0437\u0438\u043c\u0430\u045a\u0435.jpg\",\"width\":275,\"height\":183,\"caption\":\"pravo vreme\"},{\"@type\":\"BreadcrumbList\",\"@id\":\"https:\/\/licnirazvoj.rs\/pravo-vreme-sta-znaci-pravo-vreme-u-vaspitanjupravo-vreme-za-intelektualne-sadrzajepravo-vreme-za-socijalizacijudetevaspianjeroditelj\/#breadcrumb\",\"itemListElement\":[{\"@type\":\"ListItem\",\"position\":1,\"name\":\"Po\u010detna\",\"item\":\"https:\/\/licnirazvoj.rs\/\"},{\"@type\":\"ListItem\",\"position\":2,\"name\":\"Kad je pravo vreme da dete&#8230;.\"}]},{\"@type\":\"WebSite\",\"@id\":\"https:\/\/licnirazvoj.rs\/#website\",\"url\":\"https:\/\/licnirazvoj.rs\/\",\"name\":\"Li\u010dni Razvoj - Biljana Grbovi\u0107\",\"description\":\"Udru\u017eenje roditelja Matica\",\"publisher\":{\"@id\":\"https:\/\/licnirazvoj.rs\/#\/schema\/person\/0773d084b790a9bb295bbf04f2e2fc9b\"},\"potentialAction\":[{\"@type\":\"SearchAction\",\"target\":{\"@type\":\"EntryPoint\",\"urlTemplate\":\"https:\/\/licnirazvoj.rs\/?s={search_term_string}\"},\"query-input\":\"required name=search_term_string\"}],\"inLanguage\":\"ro-RO\"},{\"@type\":[\"Person\",\"Organization\"],\"@id\":\"https:\/\/licnirazvoj.rs\/#\/schema\/person\/0773d084b790a9bb295bbf04f2e2fc9b\",\"name\":\"Biljana Grbovi\u0107\",\"image\":{\"@type\":\"ImageObject\",\"inLanguage\":\"ro-RO\",\"@id\":\"https:\/\/licnirazvoj.rs\/#\/schema\/person\/image\/\",\"url\":\"http:\/\/licnirazvoj.rs\/wp-content\/uploads\/2020\/08\/IBI_3240-795x530.jpg\",\"contentUrl\":\"http:\/\/licnirazvoj.rs\/wp-content\/uploads\/2020\/08\/IBI_3240-795x530.jpg\",\"width\":\"795\",\"height\":\"530\",\"caption\":\"Biljana Grbovi\u0107\"},\"logo\":{\"@id\":\"https:\/\/licnirazvoj.rs\/#\/schema\/person\/image\/\"},\"sameAs\":[\"http:\/\/licnirazvoj.rs\/\",\"https:\/\/www.facebook.com\/maticaudruzenjeroditelja\",\"https:\/\/www.instagram.com\/udruzenje_roditelja_matica\/\",\"https:\/\/www.youtube.com\/channel\/UCtoOPZc7FPAXLGna-JaofEQ\/\"],\"url\":\"https:\/\/licnirazvoj.rs\/ro\/author\/adminbilja\/\"}]}<\/script>\n<!-- \/ Yoast SEO plugin. -->","yoast_head_json":{"title":"Kad je pravo vreme da dete.... - Li\u010dni Razvoj - Biljana Grbovi\u0107","description":"kad je pravo vreme da dete nesto nauci,kad je pravo vreme da se dete socijalizuje,pravo vreme za odgovornost,pravo vreme za krativnost","robots":{"index":"index","follow":"follow","max-snippet":"max-snippet:-1","max-image-preview":"max-image-preview:large","max-video-preview":"max-video-preview:-1"},"canonical":"https:\/\/licnirazvoj.rs\/ro\/pravo-vreme-sta-znaci-pravo-vreme-u-vaspitanjupravo-vreme-za-intelektualne-sadrzajepravo-vreme-za-socijalizacijudetevaspianjeroditelj\/","og_locale":"ro_RO","og_type":"article","og_title":"Kad je pravo vreme da dete.... - Li\u010dni Razvoj - Biljana Grbovi\u0107","og_description":"kad je pravo vreme da dete nesto nauci,kad je pravo vreme da se dete socijalizuje,pravo vreme za odgovornost,pravo vreme za krativnost","og_url":"https:\/\/licnirazvoj.rs\/ro\/pravo-vreme-sta-znaci-pravo-vreme-u-vaspitanjupravo-vreme-za-intelektualne-sadrzajepravo-vreme-za-socijalizacijudetevaspianjeroditelj\/","og_site_name":"Li\u010dni Razvoj - Biljana Grbovi\u0107","article_publisher":"https:\/\/www.facebook.com\/maticaudruzenjeroditelja","article_author":"https:\/\/www.facebook.com\/maticaudruzenjeroditelja","article_published_time":"2021-12-02T13:09:43+00:00","article_modified_time":"2022-04-15T11:53:07+00:00","og_image":[{"width":275,"height":183,"url":"https:\/\/licnirazvoj.rs\/wp-content\/uploads\/2021\/12\/\u043f\u0440\u0435\u0443\u0437\u0438\u043c\u0430\u045a\u0435.jpg","type":"image\/jpeg"}],"author":"Biljana Grbovi\u0107","twitter_card":"summary_large_image","twitter_misc":{"Scris de":"Biljana Grbovi\u0107","Timp estimat pentru citire":"3 minute"},"schema":{"@context":"https:\/\/schema.org","@graph":[{"@type":"Article","@id":"https:\/\/licnirazvoj.rs\/pravo-vreme-sta-znaci-pravo-vreme-u-vaspitanjupravo-vreme-za-intelektualne-sadrzajepravo-vreme-za-socijalizacijudetevaspianjeroditelj\/#article","isPartOf":{"@id":"https:\/\/licnirazvoj.rs\/pravo-vreme-sta-znaci-pravo-vreme-u-vaspitanjupravo-vreme-za-intelektualne-sadrzajepravo-vreme-za-socijalizacijudetevaspianjeroditelj\/"},"author":{"name":"Biljana Grbovi\u0107","@id":"https:\/\/licnirazvoj.rs\/#\/schema\/person\/0773d084b790a9bb295bbf04f2e2fc9b"},"headline":"Kad je pravo vreme da dete&#8230;.","datePublished":"2021-12-02T13:09:43+00:00","dateModified":"2022-04-15T11:53:07+00:00","mainEntityOfPage":{"@id":"https:\/\/licnirazvoj.rs\/pravo-vreme-sta-znaci-pravo-vreme-u-vaspitanjupravo-vreme-za-intelektualne-sadrzajepravo-vreme-za-socijalizacijudetevaspianjeroditelj\/"},"wordCount":551,"commentCount":0,"publisher":{"@id":"https:\/\/licnirazvoj.rs\/#\/schema\/person\/0773d084b790a9bb295bbf04f2e2fc9b"},"image":{"@id":"https:\/\/licnirazvoj.rs\/pravo-vreme-sta-znaci-pravo-vreme-u-vaspitanjupravo-vreme-za-intelektualne-sadrzajepravo-vreme-za-socijalizacijudetevaspianjeroditelj\/#primaryimage"},"thumbnailUrl":"https:\/\/licnirazvoj.rs\/wp-content\/uploads\/2021\/12\/\u043f\u0440\u0435\u0443\u0437\u0438\u043c\u0430\u045a\u0435.jpg","articleSection":["Li\u010dni razvoj odraslih"],"inLanguage":"ro-RO","potentialAction":[{"@type":"CommentAction","name":"Comment","target":["https:\/\/licnirazvoj.rs\/pravo-vreme-sta-znaci-pravo-vreme-u-vaspitanjupravo-vreme-za-intelektualne-sadrzajepravo-vreme-za-socijalizacijudetevaspianjeroditelj\/#respond"]}]},{"@type":"WebPage","@id":"https:\/\/licnirazvoj.rs\/pravo-vreme-sta-znaci-pravo-vreme-u-vaspitanjupravo-vreme-za-intelektualne-sadrzajepravo-vreme-za-socijalizacijudetevaspianjeroditelj\/","url":"https:\/\/licnirazvoj.rs\/pravo-vreme-sta-znaci-pravo-vreme-u-vaspitanjupravo-vreme-za-intelektualne-sadrzajepravo-vreme-za-socijalizacijudetevaspianjeroditelj\/","name":"Kad je pravo vreme da dete.... - Li\u010dni Razvoj - Biljana Grbovi\u0107","isPartOf":{"@id":"https:\/\/licnirazvoj.rs\/#website"},"primaryImageOfPage":{"@id":"https:\/\/licnirazvoj.rs\/pravo-vreme-sta-znaci-pravo-vreme-u-vaspitanjupravo-vreme-za-intelektualne-sadrzajepravo-vreme-za-socijalizacijudetevaspianjeroditelj\/#primaryimage"},"image":{"@id":"https:\/\/licnirazvoj.rs\/pravo-vreme-sta-znaci-pravo-vreme-u-vaspitanjupravo-vreme-za-intelektualne-sadrzajepravo-vreme-za-socijalizacijudetevaspianjeroditelj\/#primaryimage"},"thumbnailUrl":"https:\/\/licnirazvoj.rs\/wp-content\/uploads\/2021\/12\/\u043f\u0440\u0435\u0443\u0437\u0438\u043c\u0430\u045a\u0435.jpg","datePublished":"2021-12-02T13:09:43+00:00","dateModified":"2022-04-15T11:53:07+00:00","description":"kad je pravo vreme da dete nesto nauci,kad je pravo vreme da se dete socijalizuje,pravo vreme za odgovornost,pravo vreme za krativnost","breadcrumb":{"@id":"https:\/\/licnirazvoj.rs\/pravo-vreme-sta-znaci-pravo-vreme-u-vaspitanjupravo-vreme-za-intelektualne-sadrzajepravo-vreme-za-socijalizacijudetevaspianjeroditelj\/#breadcrumb"},"inLanguage":"ro-RO","potentialAction":[{"@type":"ReadAction","target":["https:\/\/licnirazvoj.rs\/pravo-vreme-sta-znaci-pravo-vreme-u-vaspitanjupravo-vreme-za-intelektualne-sadrzajepravo-vreme-za-socijalizacijudetevaspianjeroditelj\/"]}]},{"@type":"ImageObject","inLanguage":"ro-RO","@id":"https:\/\/licnirazvoj.rs\/pravo-vreme-sta-znaci-pravo-vreme-u-vaspitanjupravo-vreme-za-intelektualne-sadrzajepravo-vreme-za-socijalizacijudetevaspianjeroditelj\/#primaryimage","url":"https:\/\/licnirazvoj.rs\/wp-content\/uploads\/2021\/12\/\u043f\u0440\u0435\u0443\u0437\u0438\u043c\u0430\u045a\u0435.jpg","contentUrl":"https:\/\/licnirazvoj.rs\/wp-content\/uploads\/2021\/12\/\u043f\u0440\u0435\u0443\u0437\u0438\u043c\u0430\u045a\u0435.jpg","width":275,"height":183,"caption":"pravo vreme"},{"@type":"BreadcrumbList","@id":"https:\/\/licnirazvoj.rs\/pravo-vreme-sta-znaci-pravo-vreme-u-vaspitanjupravo-vreme-za-intelektualne-sadrzajepravo-vreme-za-socijalizacijudetevaspianjeroditelj\/#breadcrumb","itemListElement":[{"@type":"ListItem","position":1,"name":"Po\u010detna","item":"https:\/\/licnirazvoj.rs\/"},{"@type":"ListItem","position":2,"name":"Kad je pravo vreme da dete&#8230;."}]},{"@type":"WebSite","@id":"https:\/\/licnirazvoj.rs\/#website","url":"https:\/\/licnirazvoj.rs\/","name":"Li\u010dni Razvoj - Biljana Grbovi\u0107","description":"Udru\u017eenje roditelja Matica","publisher":{"@id":"https:\/\/licnirazvoj.rs\/#\/schema\/person\/0773d084b790a9bb295bbf04f2e2fc9b"},"potentialAction":[{"@type":"SearchAction","target":{"@type":"EntryPoint","urlTemplate":"https:\/\/licnirazvoj.rs\/?s={search_term_string}"},"query-input":"required name=search_term_string"}],"inLanguage":"ro-RO"},{"@type":["Person","Organization"],"@id":"https:\/\/licnirazvoj.rs\/#\/schema\/person\/0773d084b790a9bb295bbf04f2e2fc9b","name":"Biljana Grbovi\u0107","image":{"@type":"ImageObject","inLanguage":"ro-RO","@id":"https:\/\/licnirazvoj.rs\/#\/schema\/person\/image\/","url":"http:\/\/licnirazvoj.rs\/wp-content\/uploads\/2020\/08\/IBI_3240-795x530.jpg","contentUrl":"http:\/\/licnirazvoj.rs\/wp-content\/uploads\/2020\/08\/IBI_3240-795x530.jpg","width":"795","height":"530","caption":"Biljana Grbovi\u0107"},"logo":{"@id":"https:\/\/licnirazvoj.rs\/#\/schema\/person\/image\/"},"sameAs":["http:\/\/licnirazvoj.rs\/","https:\/\/www.facebook.com\/maticaudruzenjeroditelja","https:\/\/www.instagram.com\/udruzenje_roditelja_matica\/","https:\/\/www.youtube.com\/channel\/UCtoOPZc7FPAXLGna-JaofEQ\/"],"url":"https:\/\/licnirazvoj.rs\/ro\/author\/adminbilja\/"}]}},"_links":{"self":[{"href":"https:\/\/licnirazvoj.rs\/ro\/wp-json\/wp\/v2\/posts\/4454","targetHints":{"allow":["GET"]}}],"collection":[{"href":"https:\/\/licnirazvoj.rs\/ro\/wp-json\/wp\/v2\/posts"}],"about":[{"href":"https:\/\/licnirazvoj.rs\/ro\/wp-json\/wp\/v2\/types\/post"}],"author":[{"embeddable":true,"href":"https:\/\/licnirazvoj.rs\/ro\/wp-json\/wp\/v2\/users\/2"}],"replies":[{"embeddable":true,"href":"https:\/\/licnirazvoj.rs\/ro\/wp-json\/wp\/v2\/comments?post=4454"}],"version-history":[{"count":6,"href":"https:\/\/licnirazvoj.rs\/ro\/wp-json\/wp\/v2\/posts\/4454\/revisions"}],"predecessor-version":[{"id":4715,"href":"https:\/\/licnirazvoj.rs\/ro\/wp-json\/wp\/v2\/posts\/4454\/revisions\/4715"}],"wp:featuredmedia":[{"embeddable":true,"href":"https:\/\/licnirazvoj.rs\/ro\/wp-json\/wp\/v2\/media\/4455"}],"wp:attachment":[{"href":"https:\/\/licnirazvoj.rs\/ro\/wp-json\/wp\/v2\/media?parent=4454"}],"wp:term":[{"taxonomy":"category","embeddable":true,"href":"https:\/\/licnirazvoj.rs\/ro\/wp-json\/wp\/v2\/categories?post=4454"},{"taxonomy":"post_tag","embeddable":true,"href":"https:\/\/licnirazvoj.rs\/ro\/wp-json\/wp\/v2\/tags?post=4454"}],"curies":[{"name":"wp","href":"https:\/\/api.w.org\/{rel}","templated":true}]}}