{"id":4705,"date":"2022-04-13T05:19:32","date_gmt":"2022-04-13T05:19:32","guid":{"rendered":"http:\/\/licnirazvoj.rs\/?p=4705"},"modified":"2022-05-15T20:19:26","modified_gmt":"2022-05-15T20:19:26","slug":"nemoc-osecam-nemoc-strah-briga-vera-molitva-situacija-politikcka-situacija","status":"publish","type":"post","link":"https:\/\/licnirazvoj.rs\/ro\/nemoc-osecam-nemoc-strah-briga-vera-molitva-situacija-politikcka-situacija\/","title":{"rendered":"Nemo\u0107, \u0161ta kad se ose\u0107am nemo\u0107no"},"content":{"rendered":"<p>\u0160ta kad se ose\u0107am nemo\u0107no?<\/p>\n<p>&nbsp;<\/p>\n<p>Situacija u svetu je veoma te\u0161ka. <strong>Vreme je takvo da je zlo izuzetno oja\u010dalo i neprestano demonstrira svoju silu, \u0161to \u010dini, da se mi, obi\u010dni, dobronamerni ljudi, osetimo nemo\u0107no i sitno.<\/strong><\/p>\n<p>&nbsp;<\/p>\n<p>I sama sam vrlo \u010desto osetila intenzivnu nemo\u0107 poslednjih meseci. Taj ose\u0107aj izuzetno je te\u017eak. Nemirno sam spavala, sve mi se \u010dinilo besmisleno, imala sam obe\u0161en izraz lica i veoma nisku \u017eivotnu energiju.<\/p>\n<p>Poznato vam je?<\/p>\n<p>&nbsp;<\/p>\n<p><strong>Nemo\u0107 ili apatija je izuzetno niska vibracija, u njoj se dugo ne mo\u017ee boraviti bez posledica!<\/strong> Vrlo brzo postalo mi je jasno da ne\u0161to hitno moram u\u010diniti, bez obzira na sve \u0161to nazivamo ,,objektivnim okolnostima\u201c.<\/p>\n<p>&nbsp;<\/p>\n<p>Sama re\u010d ,,nemo\u0107\u201c govori o tome da nemamo \u0161ta da u\u010dinimo, pa kako da onda ne\u0161to u\u010dinim?<\/p>\n<p>&nbsp;<\/p>\n<p>I onda mi je sinulo! <strong>Da, istina je, ne mogu da promenim situaciju, ali mogu da promenim svoj odgovor na nju!<\/strong><\/p>\n<p><strong>\u00a0<\/strong><\/p>\n<p><strong>Pomislili ste da je re\u010d o prihvatanju? Nije! Ovakvu dominaciju zla nemogu\u0107e je i ne treba prihvatati!<\/strong> Nisam odlu\u010dila da prihvatim! Ne bih ni mogla.<\/p>\n<p>&nbsp;<\/p>\n<p><strong>Odlu\u010dila sam da se intenzivno molim! Odlu\u010dila sam da se obra\u0107am Bogu, da mu predam svoju brigu, da mu ka\u017eem \u0161ta mi je na du\u0161i, jer kako je govorio na\u0161 pokojni patrijarh Pavle ,, molitva je najsigurniji most za prelazak preko isku\u0161enja talasa \u017eivota, neoboriva stena svih koji veruju, mirno pristani\u0161te, sekira o\u010dajanju, ra\u0111anje nade\u201c.<\/strong><\/p>\n<p>&nbsp;<\/p>\n<p>Imam iskustvo molitve, ali ovog puta re\u0161ila sam da je umno\u017eim. Te no\u0107i, imam utisak da sam buncala molitvu, umesto sna i ujutru je bilo lak\u0161e.<\/p>\n<p><strong>Nemo\u0107 se otklanja verom!<\/strong><\/p>\n<p><strong><img loading=\"lazy\" decoding=\"async\" class=\"wp-image-4707 alignleft\" src=\"http:\/\/licnirazvoj.rs\/wp-content\/uploads\/2022\/04\/nemoc-300x200.webp\" alt=\"\" width=\"428\" height=\"286\" srcset=\"https:\/\/licnirazvoj.rs\/wp-content\/uploads\/2022\/04\/nemoc-300x200.webp 300w, https:\/\/licnirazvoj.rs\/wp-content\/uploads\/2022\/04\/nemoc.webp 500w\" sizes=\"auto, (max-width: 428px) 100vw, 428px\" \/><\/strong><\/p>\n<p><a href=\"http:\/\/licnirazvoj.rs\/zivot-bez-duhovnosti\/\">Verujte!<\/a><\/p>\n<p>Bez vere, ljubavi i nade je nemogu\u0107e \u017eiveti!<\/p>\n<p>Pogotovo u ovakvim periodima.<\/p>\n<p>&nbsp;<\/p>\n<p>&nbsp;<\/p>\n<p><strong>\u010cuvajte u sebi ove dragocene sastojke \u017eivota, dakle vera, ljubav i nada ne smeju nestati!<\/strong><\/p>\n<p>&nbsp;<\/p>\n<p>Biljana Grbovi\u0107<\/p>\n<p>Radujem se kad poma\u017eem!<\/p>\n<p>&nbsp;<\/p>\n","protected":false},"excerpt":{"rendered":"<p>\u0160ta kad se ose\u0107am nemo\u0107no? &nbsp; Situacija u svetu je veoma te\u0161ka. Vreme je takvo&#8230;<\/p>\n","protected":false},"author":2,"featured_media":4796,"comment_status":"open","ping_status":"open","sticky":false,"template":"","format":"standard","meta":{"_monsterinsights_skip_tracking":false,"_monsterinsights_sitenote_active":false,"_monsterinsights_sitenote_note":"","_monsterinsights_sitenote_category":0,"footnotes":""},"categories":[1],"tags":[],"class_list":["post-4705","post","type-post","status-publish","format-standard","has-post-thumbnail","hentry","category-licni-razvoj-odraslih","has-comment-form"],"yoast_head":"<!-- This site is optimized with the Yoast SEO plugin v23.3 - https:\/\/yoast.com\/wordpress\/plugins\/seo\/ -->\n<title>Nemo\u0107, \u0161ta kad se ose\u0107am nemo\u0107no - Li\u010dni Razvoj - Biljana Grbovi\u0107<\/title>\n<meta name=\"description\" content=\"\u0160ta kad se ose\u0107am nemo\u0107no, \u0161ta da radim kada su mi vezane ruke, \u0161ta kad je moja nemo\u0107 objektivna, \u0161ta kad ne mogu da prihvatim situaciju\" \/>\n<meta name=\"robots\" content=\"index, follow, max-snippet:-1, max-image-preview:large, max-video-preview:-1\" \/>\n<link rel=\"canonical\" href=\"https:\/\/licnirazvoj.rs\/ro\/nemoc-osecam-nemoc-strah-briga-vera-molitva-situacija-politikcka-situacija\/\" \/>\n<meta property=\"og:locale\" content=\"ro_RO\" \/>\n<meta property=\"og:locale:alternate\" content=\"sr_RS\" \/>\n<meta property=\"og:type\" content=\"article\" \/>\n<meta property=\"og:title\" content=\"Nemo\u0107, \u0161ta kad se ose\u0107am nemo\u0107no - Li\u010dni Razvoj - Biljana Grbovi\u0107\" \/>\n<meta property=\"og:description\" content=\"\u0160ta kad se ose\u0107am nemo\u0107no, \u0161ta da radim kada su mi vezane ruke, \u0161ta kad je moja nemo\u0107 objektivna, \u0161ta kad ne mogu da prihvatim situaciju\" \/>\n<meta property=\"og:url\" content=\"https:\/\/licnirazvoj.rs\/ro\/nemoc-osecam-nemoc-strah-briga-vera-molitva-situacija-politikcka-situacija\/\" \/>\n<meta property=\"og:site_name\" content=\"Li\u010dni Razvoj - Biljana Grbovi\u0107\" \/>\n<meta property=\"article:publisher\" content=\"https:\/\/www.facebook.com\/maticaudruzenjeroditelja\" \/>\n<meta property=\"article:author\" content=\"https:\/\/www.facebook.com\/maticaudruzenjeroditelja\" \/>\n<meta property=\"article:published_time\" content=\"2022-04-13T05:19:32+00:00\" \/>\n<meta property=\"article:modified_time\" content=\"2022-05-15T20:19:26+00:00\" \/>\n<meta property=\"og:image\" content=\"https:\/\/licnirazvoj.rs\/wp-content\/uploads\/2022\/04\/nemoc-1-scaled.webp\" \/>\n\t<meta property=\"og:image:width\" content=\"2325\" \/>\n\t<meta property=\"og:image:height\" content=\"2560\" \/>\n\t<meta property=\"og:image:type\" content=\"image\/webp\" \/>\n<meta name=\"author\" content=\"Biljana Grbovi\u0107\" \/>\n<meta name=\"twitter:card\" content=\"summary_large_image\" \/>\n<meta name=\"twitter:label1\" content=\"Scris de\" \/>\n\t<meta name=\"twitter:data1\" content=\"Biljana Grbovi\u0107\" \/>\n\t<meta name=\"twitter:label2\" content=\"Timp estimat pentru citire\" \/>\n\t<meta name=\"twitter:data2\" content=\"2 minute\" \/>\n<script type=\"application\/ld+json\" class=\"yoast-schema-graph\">{\"@context\":\"https:\/\/schema.org\",\"@graph\":[{\"@type\":\"Article\",\"@id\":\"https:\/\/licnirazvoj.rs\/nemoc-osecam-nemoc-strah-briga-vera-molitva-situacija-politikcka-situacija\/#article\",\"isPartOf\":{\"@id\":\"https:\/\/licnirazvoj.rs\/nemoc-osecam-nemoc-strah-briga-vera-molitva-situacija-politikcka-situacija\/\"},\"author\":{\"name\":\"Biljana Grbovi\u0107\",\"@id\":\"https:\/\/licnirazvoj.rs\/#\/schema\/person\/0773d084b790a9bb295bbf04f2e2fc9b\"},\"headline\":\"Nemo\u0107, \u0161ta kad se ose\u0107am nemo\u0107no\",\"datePublished\":\"2022-04-13T05:19:32+00:00\",\"dateModified\":\"2022-05-15T20:19:26+00:00\",\"mainEntityOfPage\":{\"@id\":\"https:\/\/licnirazvoj.rs\/nemoc-osecam-nemoc-strah-briga-vera-molitva-situacija-politikcka-situacija\/\"},\"wordCount\":339,\"commentCount\":2,\"publisher\":{\"@id\":\"https:\/\/licnirazvoj.rs\/#\/schema\/person\/0773d084b790a9bb295bbf04f2e2fc9b\"},\"image\":{\"@id\":\"https:\/\/licnirazvoj.rs\/nemoc-osecam-nemoc-strah-briga-vera-molitva-situacija-politikcka-situacija\/#primaryimage\"},\"thumbnailUrl\":\"https:\/\/licnirazvoj.rs\/wp-content\/uploads\/2022\/04\/nemoc-1-scaled.webp\",\"articleSection\":[\"Li\u010dni razvoj odraslih\"],\"inLanguage\":\"ro-RO\",\"potentialAction\":[{\"@type\":\"CommentAction\",\"name\":\"Comment\",\"target\":[\"https:\/\/licnirazvoj.rs\/nemoc-osecam-nemoc-strah-briga-vera-molitva-situacija-politikcka-situacija\/#respond\"]}]},{\"@type\":\"WebPage\",\"@id\":\"https:\/\/licnirazvoj.rs\/nemoc-osecam-nemoc-strah-briga-vera-molitva-situacija-politikcka-situacija\/\",\"url\":\"https:\/\/licnirazvoj.rs\/nemoc-osecam-nemoc-strah-briga-vera-molitva-situacija-politikcka-situacija\/\",\"name\":\"Nemo\u0107, \u0161ta kad se ose\u0107am nemo\u0107no - Li\u010dni Razvoj - Biljana Grbovi\u0107\",\"isPartOf\":{\"@id\":\"https:\/\/licnirazvoj.rs\/#website\"},\"primaryImageOfPage\":{\"@id\":\"https:\/\/licnirazvoj.rs\/nemoc-osecam-nemoc-strah-briga-vera-molitva-situacija-politikcka-situacija\/#primaryimage\"},\"image\":{\"@id\":\"https:\/\/licnirazvoj.rs\/nemoc-osecam-nemoc-strah-briga-vera-molitva-situacija-politikcka-situacija\/#primaryimage\"},\"thumbnailUrl\":\"https:\/\/licnirazvoj.rs\/wp-content\/uploads\/2022\/04\/nemoc-1-scaled.webp\",\"datePublished\":\"2022-04-13T05:19:32+00:00\",\"dateModified\":\"2022-05-15T20:19:26+00:00\",\"description\":\"\u0160ta kad se ose\u0107am nemo\u0107no, \u0161ta da radim kada su mi vezane ruke, \u0161ta kad je moja nemo\u0107 objektivna, \u0161ta kad ne mogu da prihvatim situaciju\",\"breadcrumb\":{\"@id\":\"https:\/\/licnirazvoj.rs\/nemoc-osecam-nemoc-strah-briga-vera-molitva-situacija-politikcka-situacija\/#breadcrumb\"},\"inLanguage\":\"ro-RO\",\"potentialAction\":[{\"@type\":\"ReadAction\",\"target\":[\"https:\/\/licnirazvoj.rs\/nemoc-osecam-nemoc-strah-briga-vera-molitva-situacija-politikcka-situacija\/\"]}]},{\"@type\":\"ImageObject\",\"inLanguage\":\"ro-RO\",\"@id\":\"https:\/\/licnirazvoj.rs\/nemoc-osecam-nemoc-strah-briga-vera-molitva-situacija-politikcka-situacija\/#primaryimage\",\"url\":\"https:\/\/licnirazvoj.rs\/wp-content\/uploads\/2022\/04\/nemoc-1-scaled.webp\",\"contentUrl\":\"https:\/\/licnirazvoj.rs\/wp-content\/uploads\/2022\/04\/nemoc-1-scaled.webp\",\"width\":2325,\"height\":2560,\"caption\":\"Nemo\u0107, \u0161ta kad se ose\u0107am nemo\u0107no\"},{\"@type\":\"BreadcrumbList\",\"@id\":\"https:\/\/licnirazvoj.rs\/nemoc-osecam-nemoc-strah-briga-vera-molitva-situacija-politikcka-situacija\/#breadcrumb\",\"itemListElement\":[{\"@type\":\"ListItem\",\"position\":1,\"name\":\"Po\u010detna\",\"item\":\"https:\/\/licnirazvoj.rs\/\"},{\"@type\":\"ListItem\",\"position\":2,\"name\":\"Nemo\u0107, \u0161ta kad se ose\u0107am nemo\u0107no\"}]},{\"@type\":\"WebSite\",\"@id\":\"https:\/\/licnirazvoj.rs\/#website\",\"url\":\"https:\/\/licnirazvoj.rs\/\",\"name\":\"Li\u010dni Razvoj - Biljana Grbovi\u0107\",\"description\":\"Udru\u017eenje roditelja Matica\",\"publisher\":{\"@id\":\"https:\/\/licnirazvoj.rs\/#\/schema\/person\/0773d084b790a9bb295bbf04f2e2fc9b\"},\"potentialAction\":[{\"@type\":\"SearchAction\",\"target\":{\"@type\":\"EntryPoint\",\"urlTemplate\":\"https:\/\/licnirazvoj.rs\/?s={search_term_string}\"},\"query-input\":\"required name=search_term_string\"}],\"inLanguage\":\"ro-RO\"},{\"@type\":[\"Person\",\"Organization\"],\"@id\":\"https:\/\/licnirazvoj.rs\/#\/schema\/person\/0773d084b790a9bb295bbf04f2e2fc9b\",\"name\":\"Biljana Grbovi\u0107\",\"image\":{\"@type\":\"ImageObject\",\"inLanguage\":\"ro-RO\",\"@id\":\"https:\/\/licnirazvoj.rs\/#\/schema\/person\/image\/\",\"url\":\"http:\/\/licnirazvoj.rs\/wp-content\/uploads\/2020\/08\/IBI_3240-795x530.jpg\",\"contentUrl\":\"http:\/\/licnirazvoj.rs\/wp-content\/uploads\/2020\/08\/IBI_3240-795x530.jpg\",\"width\":\"795\",\"height\":\"530\",\"caption\":\"Biljana Grbovi\u0107\"},\"logo\":{\"@id\":\"https:\/\/licnirazvoj.rs\/#\/schema\/person\/image\/\"},\"sameAs\":[\"http:\/\/licnirazvoj.rs\/\",\"https:\/\/www.facebook.com\/maticaudruzenjeroditelja\",\"https:\/\/www.instagram.com\/udruzenje_roditelja_matica\/\",\"https:\/\/www.youtube.com\/channel\/UCtoOPZc7FPAXLGna-JaofEQ\/\"],\"url\":\"https:\/\/licnirazvoj.rs\/ro\/author\/adminbilja\/\"}]}<\/script>\n<!-- \/ Yoast SEO plugin. -->","yoast_head_json":{"title":"Nemo\u0107, \u0161ta kad se ose\u0107am nemo\u0107no - Li\u010dni Razvoj - Biljana Grbovi\u0107","description":"\u0160ta kad se ose\u0107am nemo\u0107no, \u0161ta da radim kada su mi vezane ruke, \u0161ta kad je moja nemo\u0107 objektivna, \u0161ta kad ne mogu da prihvatim situaciju","robots":{"index":"index","follow":"follow","max-snippet":"max-snippet:-1","max-image-preview":"max-image-preview:large","max-video-preview":"max-video-preview:-1"},"canonical":"https:\/\/licnirazvoj.rs\/ro\/nemoc-osecam-nemoc-strah-briga-vera-molitva-situacija-politikcka-situacija\/","og_locale":"ro_RO","og_type":"article","og_title":"Nemo\u0107, \u0161ta kad se ose\u0107am nemo\u0107no - Li\u010dni Razvoj - Biljana Grbovi\u0107","og_description":"\u0160ta kad se ose\u0107am nemo\u0107no, \u0161ta da radim kada su mi vezane ruke, \u0161ta kad je moja nemo\u0107 objektivna, \u0161ta kad ne mogu da prihvatim situaciju","og_url":"https:\/\/licnirazvoj.rs\/ro\/nemoc-osecam-nemoc-strah-briga-vera-molitva-situacija-politikcka-situacija\/","og_site_name":"Li\u010dni Razvoj - Biljana Grbovi\u0107","article_publisher":"https:\/\/www.facebook.com\/maticaudruzenjeroditelja","article_author":"https:\/\/www.facebook.com\/maticaudruzenjeroditelja","article_published_time":"2022-04-13T05:19:32+00:00","article_modified_time":"2022-05-15T20:19:26+00:00","og_image":[{"width":2325,"height":2560,"url":"https:\/\/licnirazvoj.rs\/wp-content\/uploads\/2022\/04\/nemoc-1-scaled.webp","type":"image\/webp"}],"author":"Biljana Grbovi\u0107","twitter_card":"summary_large_image","twitter_misc":{"Scris de":"Biljana Grbovi\u0107","Timp estimat pentru citire":"2 minute"},"schema":{"@context":"https:\/\/schema.org","@graph":[{"@type":"Article","@id":"https:\/\/licnirazvoj.rs\/nemoc-osecam-nemoc-strah-briga-vera-molitva-situacija-politikcka-situacija\/#article","isPartOf":{"@id":"https:\/\/licnirazvoj.rs\/nemoc-osecam-nemoc-strah-briga-vera-molitva-situacija-politikcka-situacija\/"},"author":{"name":"Biljana Grbovi\u0107","@id":"https:\/\/licnirazvoj.rs\/#\/schema\/person\/0773d084b790a9bb295bbf04f2e2fc9b"},"headline":"Nemo\u0107, \u0161ta kad se ose\u0107am nemo\u0107no","datePublished":"2022-04-13T05:19:32+00:00","dateModified":"2022-05-15T20:19:26+00:00","mainEntityOfPage":{"@id":"https:\/\/licnirazvoj.rs\/nemoc-osecam-nemoc-strah-briga-vera-molitva-situacija-politikcka-situacija\/"},"wordCount":339,"commentCount":2,"publisher":{"@id":"https:\/\/licnirazvoj.rs\/#\/schema\/person\/0773d084b790a9bb295bbf04f2e2fc9b"},"image":{"@id":"https:\/\/licnirazvoj.rs\/nemoc-osecam-nemoc-strah-briga-vera-molitva-situacija-politikcka-situacija\/#primaryimage"},"thumbnailUrl":"https:\/\/licnirazvoj.rs\/wp-content\/uploads\/2022\/04\/nemoc-1-scaled.webp","articleSection":["Li\u010dni razvoj odraslih"],"inLanguage":"ro-RO","potentialAction":[{"@type":"CommentAction","name":"Comment","target":["https:\/\/licnirazvoj.rs\/nemoc-osecam-nemoc-strah-briga-vera-molitva-situacija-politikcka-situacija\/#respond"]}]},{"@type":"WebPage","@id":"https:\/\/licnirazvoj.rs\/nemoc-osecam-nemoc-strah-briga-vera-molitva-situacija-politikcka-situacija\/","url":"https:\/\/licnirazvoj.rs\/nemoc-osecam-nemoc-strah-briga-vera-molitva-situacija-politikcka-situacija\/","name":"Nemo\u0107, \u0161ta kad se ose\u0107am nemo\u0107no - Li\u010dni Razvoj - Biljana Grbovi\u0107","isPartOf":{"@id":"https:\/\/licnirazvoj.rs\/#website"},"primaryImageOfPage":{"@id":"https:\/\/licnirazvoj.rs\/nemoc-osecam-nemoc-strah-briga-vera-molitva-situacija-politikcka-situacija\/#primaryimage"},"image":{"@id":"https:\/\/licnirazvoj.rs\/nemoc-osecam-nemoc-strah-briga-vera-molitva-situacija-politikcka-situacija\/#primaryimage"},"thumbnailUrl":"https:\/\/licnirazvoj.rs\/wp-content\/uploads\/2022\/04\/nemoc-1-scaled.webp","datePublished":"2022-04-13T05:19:32+00:00","dateModified":"2022-05-15T20:19:26+00:00","description":"\u0160ta kad se ose\u0107am nemo\u0107no, \u0161ta da radim kada su mi vezane ruke, \u0161ta kad je moja nemo\u0107 objektivna, \u0161ta kad ne mogu da prihvatim situaciju","breadcrumb":{"@id":"https:\/\/licnirazvoj.rs\/nemoc-osecam-nemoc-strah-briga-vera-molitva-situacija-politikcka-situacija\/#breadcrumb"},"inLanguage":"ro-RO","potentialAction":[{"@type":"ReadAction","target":["https:\/\/licnirazvoj.rs\/nemoc-osecam-nemoc-strah-briga-vera-molitva-situacija-politikcka-situacija\/"]}]},{"@type":"ImageObject","inLanguage":"ro-RO","@id":"https:\/\/licnirazvoj.rs\/nemoc-osecam-nemoc-strah-briga-vera-molitva-situacija-politikcka-situacija\/#primaryimage","url":"https:\/\/licnirazvoj.rs\/wp-content\/uploads\/2022\/04\/nemoc-1-scaled.webp","contentUrl":"https:\/\/licnirazvoj.rs\/wp-content\/uploads\/2022\/04\/nemoc-1-scaled.webp","width":2325,"height":2560,"caption":"Nemo\u0107, \u0161ta kad se ose\u0107am nemo\u0107no"},{"@type":"BreadcrumbList","@id":"https:\/\/licnirazvoj.rs\/nemoc-osecam-nemoc-strah-briga-vera-molitva-situacija-politikcka-situacija\/#breadcrumb","itemListElement":[{"@type":"ListItem","position":1,"name":"Po\u010detna","item":"https:\/\/licnirazvoj.rs\/"},{"@type":"ListItem","position":2,"name":"Nemo\u0107, \u0161ta kad se ose\u0107am nemo\u0107no"}]},{"@type":"WebSite","@id":"https:\/\/licnirazvoj.rs\/#website","url":"https:\/\/licnirazvoj.rs\/","name":"Li\u010dni Razvoj - Biljana Grbovi\u0107","description":"Udru\u017eenje roditelja Matica","publisher":{"@id":"https:\/\/licnirazvoj.rs\/#\/schema\/person\/0773d084b790a9bb295bbf04f2e2fc9b"},"potentialAction":[{"@type":"SearchAction","target":{"@type":"EntryPoint","urlTemplate":"https:\/\/licnirazvoj.rs\/?s={search_term_string}"},"query-input":"required name=search_term_string"}],"inLanguage":"ro-RO"},{"@type":["Person","Organization"],"@id":"https:\/\/licnirazvoj.rs\/#\/schema\/person\/0773d084b790a9bb295bbf04f2e2fc9b","name":"Biljana Grbovi\u0107","image":{"@type":"ImageObject","inLanguage":"ro-RO","@id":"https:\/\/licnirazvoj.rs\/#\/schema\/person\/image\/","url":"http:\/\/licnirazvoj.rs\/wp-content\/uploads\/2020\/08\/IBI_3240-795x530.jpg","contentUrl":"http:\/\/licnirazvoj.rs\/wp-content\/uploads\/2020\/08\/IBI_3240-795x530.jpg","width":"795","height":"530","caption":"Biljana Grbovi\u0107"},"logo":{"@id":"https:\/\/licnirazvoj.rs\/#\/schema\/person\/image\/"},"sameAs":["http:\/\/licnirazvoj.rs\/","https:\/\/www.facebook.com\/maticaudruzenjeroditelja","https:\/\/www.instagram.com\/udruzenje_roditelja_matica\/","https:\/\/www.youtube.com\/channel\/UCtoOPZc7FPAXLGna-JaofEQ\/"],"url":"https:\/\/licnirazvoj.rs\/ro\/author\/adminbilja\/"}]}},"_links":{"self":[{"href":"https:\/\/licnirazvoj.rs\/ro\/wp-json\/wp\/v2\/posts\/4705","targetHints":{"allow":["GET"]}}],"collection":[{"href":"https:\/\/licnirazvoj.rs\/ro\/wp-json\/wp\/v2\/posts"}],"about":[{"href":"https:\/\/licnirazvoj.rs\/ro\/wp-json\/wp\/v2\/types\/post"}],"author":[{"embeddable":true,"href":"https:\/\/licnirazvoj.rs\/ro\/wp-json\/wp\/v2\/users\/2"}],"replies":[{"embeddable":true,"href":"https:\/\/licnirazvoj.rs\/ro\/wp-json\/wp\/v2\/comments?post=4705"}],"version-history":[{"count":1,"href":"https:\/\/licnirazvoj.rs\/ro\/wp-json\/wp\/v2\/posts\/4705\/revisions"}],"predecessor-version":[{"id":4708,"href":"https:\/\/licnirazvoj.rs\/ro\/wp-json\/wp\/v2\/posts\/4705\/revisions\/4708"}],"wp:featuredmedia":[{"embeddable":true,"href":"https:\/\/licnirazvoj.rs\/ro\/wp-json\/wp\/v2\/media\/4796"}],"wp:attachment":[{"href":"https:\/\/licnirazvoj.rs\/ro\/wp-json\/wp\/v2\/media?parent=4705"}],"wp:term":[{"taxonomy":"category","embeddable":true,"href":"https:\/\/licnirazvoj.rs\/ro\/wp-json\/wp\/v2\/categories?post=4705"},{"taxonomy":"post_tag","embeddable":true,"href":"https:\/\/licnirazvoj.rs\/ro\/wp-json\/wp\/v2\/tags?post=4705"}],"curies":[{"name":"wp","href":"https:\/\/api.w.org\/{rel}","templated":true}]}}